{"id":2864,"date":"2024-08-20T14:49:10","date_gmt":"2024-08-20T19:49:10","guid":{"rendered":"https:\/\/cvft.com.ec\/wp\/?p=2864"},"modified":"2024-08-21T08:03:39","modified_gmt":"2024-08-21T13:03:39","slug":"asamblea-general-extraordinaria-de-socios-2","status":"publish","type":"post","link":"https:\/\/cvft.com.ec\/wp\/2024\/08\/20\/asamblea-general-extraordinaria-de-socios-2\/","title":{"rendered":"ASAMBLEA GENERAL EXTRAORDINARIA DE SOCIOS"},"content":{"rendered":"\n<p class=\"has-ast-global-color-2-color has-text-color has-link-color wp-elements-02cea20ba1343fd5a8b3b204f8ad907a\">El Presidente del Directorio de C.V.F.T., en uso de sus atribuciones y en cumplimiento al estatuto en vigencia, convoca a la ASAMBLEA GENERAL EXTRAORDINARIA DE SOCIOS el d\u00eda jueves 05 de septiembre de 2024 a las 17:00 a trav\u00e9s de la plataforma ZOOM.<\/p>\n\n\n\n<p class=\"has-ast-global-color-2-color has-text-color has-link-color wp-elements-19993c6d063d5d0b72a6c280e65ee872\">Se tratar\u00e1n temas importantes y determinantes para la vida Institucional del Club.<\/p>\n\n\n\n<p class=\"has-ast-global-color-2-color has-text-color has-link-color wp-elements-f4add9d7df68350601ecb051611d0618\">\ud83d\udd34 C\u00f3digo de acceso<\/p>\n\n\n\n<p class=\"has-ast-global-color-2-color has-text-color has-link-color wp-elements-29d13bd32a14450e8abfe512a1b88506\" style=\"margin-bottom:var(--wp--preset--spacing--50)\">\ud83d\udc47\ud83d\udc47\ud83d\udc47<br>ID de reuni\u00f3n: <strong>939 7814 2426<\/strong><br>C\u00f3digo de acceso: <strong>12345<\/strong><\/p>\n\n\n\n<div data-wp-interactive=\"core\/file\" class=\"wp-block-file\"><object data-wp-bind--hidden=\"!state.hasPdfPreview\" hidden class=\"wp-block-file__embed\" data=\"https:\/\/cvft.com.ec\/wp\/wp-content\/uploads\/2024\/08\/CONVOCATORIA-ASAMBLEA-GENERAL-EXTRAORDINARIA-SOCIOS-CVFT-05-SEPT-2024.pdf\" type=\"application\/pdf\" style=\"width:100%;height:600px\" aria-label=\"Incrustado de CONVOCATORIA ASAMBLEA GENERAL EXTRAORDINARIA SOCIOS CVFT 05-SEPT-2024.\"><\/object><a id=\"wp-block-file--media-89b7428f-92c3-498f-bfc4-421b95281f4b\" href=\"https:\/\/cvft.com.ec\/wp\/wp-content\/uploads\/2024\/08\/CONVOCATORIA-ASAMBLEA-GENERAL-EXTRAORDINARIA-SOCIOS-CVFT-05-SEPT-2024.pdf\">CONVOCATORIA ASAMBLEA GENERAL EXTRAORDINARIA SOCIOS CVFT 05-SEPT-2024<\/a><a href=\"https:\/\/cvft.com.ec\/wp\/wp-content\/uploads\/2024\/08\/CONVOCATORIA-ASAMBLEA-GENERAL-EXTRAORDINARIA-SOCIOS-CVFT-05-SEPT-2024.pdf\" class=\"wp-block-file__button wp-element-button\" download aria-describedby=\"wp-block-file--media-89b7428f-92c3-498f-bfc4-421b95281f4b\">Descarga<\/a><\/div>\n\n\n\n<p><\/p>\n","protected":false},"excerpt":{"rendered":"<p>El Presidente del Directorio de C.V.F.T., en uso de sus atribuciones y en cumplimiento al estatuto en vigencia, convoca a la ASAMBLEA GENERAL EXTRAORDINARIA DE SOCIOS el d\u00eda jueves 05 de septiembre de 2024 a las 17:00 a trav\u00e9s de la plataforma ZOOM. Se tratar\u00e1n temas importantes y determinantes para la vida Institucional del Club. [&hellip;]<\/p>\n","protected":false},"author":1,"featured_media":2866,"comment_status":"open","ping_status":"open","sticky":false,"template":"","format":"standard","meta":{"_uag_custom_page_level_css":"","site-sidebar-layout":"default","site-content-layout":"","ast-site-content-layout":"default","site-content-style":"default","site-sidebar-style":"default","ast-global-header-display":"","ast-banner-title-visibility":"","ast-main-header-display":"","ast-hfb-above-header-display":"","ast-hfb-below-header-display":"","ast-hfb-mobile-header-display":"","site-post-title":"","ast-breadcrumbs-content":"","ast-featured-img":"disabled","footer-sml-layout":"","theme-transparent-header-meta":"","adv-header-id-meta":"","stick-header-meta":"","header-above-stick-meta":"","header-main-stick-meta":"","header-below-stick-meta":"","astra-migrate-meta-layouts":"set","ast-page-background-enabled":"default","ast-page-background-meta":{"desktop":{"background-color":"var(--ast-global-color-4)","background-image":"","background-repeat":"repeat","background-position":"center center","background-size":"auto","background-attachment":"scroll","background-type":"","background-media":"","overlay-type":"","overlay-color":"","overlay-opacity":"","overlay-gradient":""},"tablet":{"background-color":"","background-image":"","background-repeat":"repeat","background-position":"center center","background-size":"auto","background-attachment":"scroll","background-type":"","background-media":"","overlay-type":"","overlay-color":"","overlay-opacity":"","overlay-gradient":""},"mobile":{"background-color":"","background-image":"","background-repeat":"repeat","background-position":"center center","background-size":"auto","background-attachment":"scroll","background-type":"","background-media":"","overlay-type":"","overlay-color":"","overlay-opacity":"","overlay-gradient":""}},"ast-content-background-meta":{"desktop":{"background-color":"var(--ast-global-color-5)","background-image":"","background-repeat":"repeat","background-position":"center center","background-size":"auto","background-attachment":"scroll","background-type":"","background-media":"","overlay-type":"","overlay-color":"","overlay-opacity":"","overlay-gradient":""},"tablet":{"background-color":"var(--ast-global-color-5)","background-image":"","background-repeat":"repeat","background-position":"center center","background-size":"auto","background-attachment":"scroll","background-type":"","background-media":"","overlay-type":"","overlay-color":"","overlay-opacity":"","overlay-gradient":""},"mobile":{"background-color":"var(--ast-global-color-5)","background-image":"","background-repeat":"repeat","background-position":"center center","background-size":"auto","background-attachment":"scroll","background-type":"","background-media":"","overlay-type":"","overlay-color":"","overlay-opacity":"","overlay-gradient":""}},"footnotes":""},"categories":[4],"tags":[],"class_list":["post-2864","post","type-post","status-publish","format-standard","has-post-thumbnail","hentry","category-comunicados"],"uagb_featured_image_src":{"full":["https:\/\/cvft.com.ec\/wp\/wp-content\/uploads\/2024\/08\/CONVOCATORIA-ASAMBLEA-GENERAL-EXTRAORDINARIA-SOCIOS-CVFT-05-SEPT-2024_page-0001.jpg",1240,1753,false],"thumbnail":["https:\/\/cvft.com.ec\/wp\/wp-content\/uploads\/2024\/08\/CONVOCATORIA-ASAMBLEA-GENERAL-EXTRAORDINARIA-SOCIOS-CVFT-05-SEPT-2024_page-0001-150x150.jpg",150,150,true],"medium":["https:\/\/cvft.com.ec\/wp\/wp-content\/uploads\/2024\/08\/CONVOCATORIA-ASAMBLEA-GENERAL-EXTRAORDINARIA-SOCIOS-CVFT-05-SEPT-2024_page-0001-212x300.jpg",212,300,true],"medium_large":["https:\/\/cvft.com.ec\/wp\/wp-content\/uploads\/2024\/08\/CONVOCATORIA-ASAMBLEA-GENERAL-EXTRAORDINARIA-SOCIOS-CVFT-05-SEPT-2024_page-0001-768x1086.jpg",768,1086,true],"large":["https:\/\/cvft.com.ec\/wp\/wp-content\/uploads\/2024\/08\/CONVOCATORIA-ASAMBLEA-GENERAL-EXTRAORDINARIA-SOCIOS-CVFT-05-SEPT-2024_page-0001-724x1024.jpg",724,1024,true],"1536x1536":["https:\/\/cvft.com.ec\/wp\/wp-content\/uploads\/2024\/08\/CONVOCATORIA-ASAMBLEA-GENERAL-EXTRAORDINARIA-SOCIOS-CVFT-05-SEPT-2024_page-0001-1087x1536.jpg",1087,1536,true],"2048x2048":["https:\/\/cvft.com.ec\/wp\/wp-content\/uploads\/2024\/08\/CONVOCATORIA-ASAMBLEA-GENERAL-EXTRAORDINARIA-SOCIOS-CVFT-05-SEPT-2024_page-0001.jpg",1240,1753,false]},"uagb_author_info":{"display_name":"cvftec","author_link":"https:\/\/cvft.com.ec\/wp\/author\/cvftec\/"},"uagb_comment_info":0,"uagb_excerpt":"El Presidente del Directorio de C.V.F.T., en uso de sus atribuciones y en cumplimiento al estatuto en vigencia, convoca a la ASAMBLEA GENERAL EXTRAORDINARIA DE SOCIOS el d\u00eda jueves 05 de septiembre de 2024 a las 17:00 a trav\u00e9s de la plataforma ZOOM. Se tratar\u00e1n temas importantes y determinantes para la vida Institucional del Club.&hellip;","_links":{"self":[{"href":"https:\/\/cvft.com.ec\/wp\/wp-json\/wp\/v2\/posts\/2864","targetHints":{"allow":["GET"]}}],"collection":[{"href":"https:\/\/cvft.com.ec\/wp\/wp-json\/wp\/v2\/posts"}],"about":[{"href":"https:\/\/cvft.com.ec\/wp\/wp-json\/wp\/v2\/types\/post"}],"author":[{"embeddable":true,"href":"https:\/\/cvft.com.ec\/wp\/wp-json\/wp\/v2\/users\/1"}],"replies":[{"embeddable":true,"href":"https:\/\/cvft.com.ec\/wp\/wp-json\/wp\/v2\/comments?post=2864"}],"version-history":[{"count":2,"href":"https:\/\/cvft.com.ec\/wp\/wp-json\/wp\/v2\/posts\/2864\/revisions"}],"predecessor-version":[{"id":2868,"href":"https:\/\/cvft.com.ec\/wp\/wp-json\/wp\/v2\/posts\/2864\/revisions\/2868"}],"wp:featuredmedia":[{"embeddable":true,"href":"https:\/\/cvft.com.ec\/wp\/wp-json\/wp\/v2\/media\/2866"}],"wp:attachment":[{"href":"https:\/\/cvft.com.ec\/wp\/wp-json\/wp\/v2\/media?parent=2864"}],"wp:term":[{"taxonomy":"category","embeddable":true,"href":"https:\/\/cvft.com.ec\/wp\/wp-json\/wp\/v2\/categories?post=2864"},{"taxonomy":"post_tag","embeddable":true,"href":"https:\/\/cvft.com.ec\/wp\/wp-json\/wp\/v2\/tags?post=2864"}],"curies":[{"name":"wp","href":"https:\/\/api.w.org\/{rel}","templated":true}]}}