{"id":2888,"date":"2024-09-06T13:44:31","date_gmt":"2024-09-06T18:44:31","guid":{"rendered":"https:\/\/cvft.com.ec\/wp\/?p=2888"},"modified":"2024-09-06T13:44:31","modified_gmt":"2024-09-06T18:44:31","slug":"comunicado-18","status":"publish","type":"post","link":"https:\/\/cvft.com.ec\/wp\/2024\/09\/06\/comunicado-18\/","title":{"rendered":"COMUNICADO"},"content":{"rendered":"\n<p class=\"has-ast-global-color-2-color has-text-color has-link-color wp-elements-4f79bcdaaed42db3ea61e3aaa3b24e3f\">Estimados se\u00f1ores socios del C.V.F.T., nos permitimos informar que luego de que el Ministerio del Trabajo negara el recurso de acci\u00f3n extraordinaria de revisi\u00f3n interpuesto por ex socios para que quede sin efecto el registro de nuestra directiva para el periodo 2023-2025 y con el que intentaron registrar supuestos directorios defacto, se insiste a los ex socios que tienen usurpadas las filiales del CR1 Granilandia y el Hotel La Marimba, para uso personal y familiar, entreguen las mismas para que se retome la normalidad.<\/p>\n\n\n\n<p class=\"has-ast-global-color-2-color has-text-color has-link-color wp-elements-8b106c6c824f5af048579b69e4480728\" style=\"margin-bottom:var(--wp--preset--spacing--50)\">Dejamos claro que la intenci\u00f3n de estos ex socios es continuar haciendo desaparecer el dinero al no depositarlo en las cuentas del Club a trav\u00e9s de acciones que generaron caos e inestabilidad dentro del Club de Voluntarios de la Fuerza Terrestre.<\/p>\n\n\n\n<div data-wp-interactive=\"core\/file\" class=\"wp-block-file\"><object data-wp-bind--hidden=\"!state.hasPdfPreview\" hidden class=\"wp-block-file__embed\" data=\"https:\/\/cvft.com.ec\/wp\/wp-content\/uploads\/2024\/09\/CVFTGoficio04092024INSISTENCIA_ENTREGA_DE_GRANILANDIA_Y_MARIMBA_signed.pdf\" type=\"application\/pdf\" style=\"width:100%;height:600px\" aria-label=\"Incrustado de CVFTGoficio04092024INSISTENCIA_ENTREGA_DE_GRANILANDIA_Y_MARIMBA_signed.\"><\/object><a id=\"wp-block-file--media-c74d730d-1106-4a9f-8766-d85a2d12c2ab\" href=\"https:\/\/cvft.com.ec\/wp\/wp-content\/uploads\/2024\/09\/CVFTGoficio04092024INSISTENCIA_ENTREGA_DE_GRANILANDIA_Y_MARIMBA_signed.pdf\">CVFTGoficio04092024INSISTENCIA_ENTREGA_DE_GRANILANDIA_Y_MARIMBA_signed<\/a><a href=\"https:\/\/cvft.com.ec\/wp\/wp-content\/uploads\/2024\/09\/CVFTGoficio04092024INSISTENCIA_ENTREGA_DE_GRANILANDIA_Y_MARIMBA_signed.pdf\" class=\"wp-block-file__button wp-element-button\" download aria-describedby=\"wp-block-file--media-c74d730d-1106-4a9f-8766-d85a2d12c2ab\">Descarga<\/a><\/div>\n\n\n\n<p><\/p>\n","protected":false},"excerpt":{"rendered":"<p>Estimados se\u00f1ores socios del C.V.F.T., nos permitimos informar que luego de que el Ministerio del Trabajo negara el recurso de acci\u00f3n extraordinaria de revisi\u00f3n interpuesto por ex socios para que quede sin efecto el registro de nuestra directiva para el periodo 2023-2025 y con el que intentaron registrar supuestos directorios defacto, se insiste a los [&hellip;]<\/p>\n","protected":false},"author":1,"featured_media":2890,"comment_status":"open","ping_status":"open","sticky":false,"template":"","format":"standard","meta":{"_uag_custom_page_level_css":"","site-sidebar-layout":"default","site-content-layout":"","ast-site-content-layout":"default","site-content-style":"default","site-sidebar-style":"default","ast-global-header-display":"","ast-banner-title-visibility":"","ast-main-header-display":"","ast-hfb-above-header-display":"","ast-hfb-below-header-display":"","ast-hfb-mobile-header-display":"","site-post-title":"","ast-breadcrumbs-content":"","ast-featured-img":"disabled","footer-sml-layout":"","theme-transparent-header-meta":"","adv-header-id-meta":"","stick-header-meta":"","header-above-stick-meta":"","header-main-stick-meta":"","header-below-stick-meta":"","astra-migrate-meta-layouts":"set","ast-page-background-enabled":"default","ast-page-background-meta":{"desktop":{"background-color":"var(--ast-global-color-4)","background-image":"","background-repeat":"repeat","background-position":"center center","background-size":"auto","background-attachment":"scroll","background-type":"","background-media":"","overlay-type":"","overlay-color":"","overlay-opacity":"","overlay-gradient":""},"tablet":{"background-color":"","background-image":"","background-repeat":"repeat","background-position":"center center","background-size":"auto","background-attachment":"scroll","background-type":"","background-media":"","overlay-type":"","overlay-color":"","overlay-opacity":"","overlay-gradient":""},"mobile":{"background-color":"","background-image":"","background-repeat":"repeat","background-position":"center center","background-size":"auto","background-attachment":"scroll","background-type":"","background-media":"","overlay-type":"","overlay-color":"","overlay-opacity":"","overlay-gradient":""}},"ast-content-background-meta":{"desktop":{"background-color":"var(--ast-global-color-5)","background-image":"","background-repeat":"repeat","background-position":"center center","background-size":"auto","background-attachment":"scroll","background-type":"","background-media":"","overlay-type":"","overlay-color":"","overlay-opacity":"","overlay-gradient":""},"tablet":{"background-color":"var(--ast-global-color-5)","background-image":"","background-repeat":"repeat","background-position":"center center","background-size":"auto","background-attachment":"scroll","background-type":"","background-media":"","overlay-type":"","overlay-color":"","overlay-opacity":"","overlay-gradient":""},"mobile":{"background-color":"var(--ast-global-color-5)","background-image":"","background-repeat":"repeat","background-position":"center center","background-size":"auto","background-attachment":"scroll","background-type":"","background-media":"","overlay-type":"","overlay-color":"","overlay-opacity":"","overlay-gradient":""}},"footnotes":""},"categories":[4],"tags":[],"class_list":["post-2888","post","type-post","status-publish","format-standard","has-post-thumbnail","hentry","category-comunicados"],"uagb_featured_image_src":{"full":["https:\/\/cvft.com.ec\/wp\/wp-content\/uploads\/2024\/09\/PPORTADA06092024.jpg",1241,1755,false],"thumbnail":["https:\/\/cvft.com.ec\/wp\/wp-content\/uploads\/2024\/09\/PPORTADA06092024-150x150.jpg",150,150,true],"medium":["https:\/\/cvft.com.ec\/wp\/wp-content\/uploads\/2024\/09\/PPORTADA06092024-212x300.jpg",212,300,true],"medium_large":["https:\/\/cvft.com.ec\/wp\/wp-content\/uploads\/2024\/09\/PPORTADA06092024-768x1086.jpg",768,1086,true],"large":["https:\/\/cvft.com.ec\/wp\/wp-content\/uploads\/2024\/09\/PPORTADA06092024-724x1024.jpg",724,1024,true],"1536x1536":["https:\/\/cvft.com.ec\/wp\/wp-content\/uploads\/2024\/09\/PPORTADA06092024-1086x1536.jpg",1086,1536,true],"2048x2048":["https:\/\/cvft.com.ec\/wp\/wp-content\/uploads\/2024\/09\/PPORTADA06092024.jpg",1241,1755,false]},"uagb_author_info":{"display_name":"cvftec","author_link":"https:\/\/cvft.com.ec\/wp\/author\/cvftec\/"},"uagb_comment_info":0,"uagb_excerpt":"Estimados se\u00f1ores socios del C.V.F.T., nos permitimos informar que luego de que el Ministerio del Trabajo negara el recurso de acci\u00f3n extraordinaria de revisi\u00f3n interpuesto por ex socios para que quede sin efecto el registro de nuestra directiva para el periodo 2023-2025 y con el que intentaron registrar supuestos directorios defacto, se insiste a los&hellip;","_links":{"self":[{"href":"https:\/\/cvft.com.ec\/wp\/wp-json\/wp\/v2\/posts\/2888","targetHints":{"allow":["GET"]}}],"collection":[{"href":"https:\/\/cvft.com.ec\/wp\/wp-json\/wp\/v2\/posts"}],"about":[{"href":"https:\/\/cvft.com.ec\/wp\/wp-json\/wp\/v2\/types\/post"}],"author":[{"embeddable":true,"href":"https:\/\/cvft.com.ec\/wp\/wp-json\/wp\/v2\/users\/1"}],"replies":[{"embeddable":true,"href":"https:\/\/cvft.com.ec\/wp\/wp-json\/wp\/v2\/comments?post=2888"}],"version-history":[{"count":2,"href":"https:\/\/cvft.com.ec\/wp\/wp-json\/wp\/v2\/posts\/2888\/revisions"}],"predecessor-version":[{"id":2892,"href":"https:\/\/cvft.com.ec\/wp\/wp-json\/wp\/v2\/posts\/2888\/revisions\/2892"}],"wp:featuredmedia":[{"embeddable":true,"href":"https:\/\/cvft.com.ec\/wp\/wp-json\/wp\/v2\/media\/2890"}],"wp:attachment":[{"href":"https:\/\/cvft.com.ec\/wp\/wp-json\/wp\/v2\/media?parent=2888"}],"wp:term":[{"taxonomy":"category","embeddable":true,"href":"https:\/\/cvft.com.ec\/wp\/wp-json\/wp\/v2\/categories?post=2888"},{"taxonomy":"post_tag","embeddable":true,"href":"https:\/\/cvft.com.ec\/wp\/wp-json\/wp\/v2\/tags?post=2888"}],"curies":[{"name":"wp","href":"https:\/\/api.w.org\/{rel}","templated":true}]}}